{"id":1230,"date":"2024-12-27T13:31:07","date_gmt":"2024-12-27T13:31:07","guid":{"rendered":"https:\/\/archline.ch\/?p=1230"},"modified":"2024-12-27T22:14:14","modified_gmt":"2024-12-27T22:14:14","slug":"residence-de-jaman-montreux","status":"publish","type":"post","link":"https:\/\/archline.ch\/index.php\/2024\/12\/27\/residence-de-jaman-montreux\/","title":{"rendered":"R\u00e9sidence de Jaman Montreux"},"content":{"rendered":"\n<figure class=\"wp-block-image size-large\"><img loading=\"lazy\" decoding=\"async\" width=\"1024\" height=\"647\" src=\"https:\/\/archline.ch\/wp-content\/uploads\/2024\/10\/Facade-Ouest-Residence-Jaman-1024x647.jpg\" alt=\"\" class=\"wp-image-1184\" srcset=\"https:\/\/archline.ch\/wp-content\/uploads\/2024\/10\/Facade-Ouest-Residence-Jaman-1024x647.jpg 1024w, https:\/\/archline.ch\/wp-content\/uploads\/2024\/10\/Facade-Ouest-Residence-Jaman-300x189.jpg 300w, https:\/\/archline.ch\/wp-content\/uploads\/2024\/10\/Facade-Ouest-Residence-Jaman-768x485.jpg 768w, https:\/\/archline.ch\/wp-content\/uploads\/2024\/10\/Facade-Ouest-Residence-Jaman-1536x970.jpg 1536w, https:\/\/archline.ch\/wp-content\/uploads\/2024\/10\/Facade-Ouest-Residence-Jaman-2048x1293.jpg 2048w, https:\/\/archline.ch\/wp-content\/uploads\/2024\/10\/Facade-Ouest-Residence-Jaman-1200x758.jpg 1200w\" sizes=\"(max-width: 1024px) 100vw, 1024px\" \/><\/figure>\n\n\n\n<p>Dessins pour le projet de r\u00e9novation des fa\u00e7ades de la R\u00e9sidence de Jaman \u00e0 Montreux.<\/p>\n\n\n\n<figure class=\"wp-block-image size-large\"><img loading=\"lazy\" decoding=\"async\" width=\"1024\" height=\"729\" src=\"https:\/\/archline.ch\/wp-content\/uploads\/2024\/10\/Facade-Sud-Residence-Jaman-1024x729.jpg\" alt=\"\" class=\"wp-image-1185\" srcset=\"https:\/\/archline.ch\/wp-content\/uploads\/2024\/10\/Facade-Sud-Residence-Jaman-1024x729.jpg 1024w, https:\/\/archline.ch\/wp-content\/uploads\/2024\/10\/Facade-Sud-Residence-Jaman-300x214.jpg 300w, https:\/\/archline.ch\/wp-content\/uploads\/2024\/10\/Facade-Sud-Residence-Jaman-768x547.jpg 768w, https:\/\/archline.ch\/wp-content\/uploads\/2024\/10\/Facade-Sud-Residence-Jaman-1536x1094.jpg 1536w, https:\/\/archline.ch\/wp-content\/uploads\/2024\/10\/Facade-Sud-Residence-Jaman-2048x1459.jpg 2048w, https:\/\/archline.ch\/wp-content\/uploads\/2024\/10\/Facade-Sud-Residence-Jaman-1200x855.jpg 1200w\" sizes=\"(max-width: 1024px) 100vw, 1024px\" \/><\/figure>\n\n\n\n<figure class=\"wp-block-image size-large\"><img loading=\"lazy\" decoding=\"async\" width=\"1024\" height=\"770\" src=\"https:\/\/archline.ch\/wp-content\/uploads\/2024\/10\/RDC-Residence-Jaman-1024x770.jpg\" alt=\"\" class=\"wp-image-1188\" srcset=\"https:\/\/archline.ch\/wp-content\/uploads\/2024\/10\/RDC-Residence-Jaman-1024x770.jpg 1024w, https:\/\/archline.ch\/wp-content\/uploads\/2024\/10\/RDC-Residence-Jaman-300x225.jpg 300w, https:\/\/archline.ch\/wp-content\/uploads\/2024\/10\/RDC-Residence-Jaman-768x577.jpg 768w, https:\/\/archline.ch\/wp-content\/uploads\/2024\/10\/RDC-Residence-Jaman-1536x1154.jpg 1536w, https:\/\/archline.ch\/wp-content\/uploads\/2024\/10\/RDC-Residence-Jaman-2048x1539.jpg 2048w, https:\/\/archline.ch\/wp-content\/uploads\/2024\/10\/RDC-Residence-Jaman-1200x902.jpg 1200w\" sizes=\"(max-width: 1024px) 100vw, 1024px\" \/><\/figure>\n\n\n\n<figure class=\"wp-block-image size-large\"><img loading=\"lazy\" decoding=\"async\" width=\"1024\" height=\"733\" src=\"https:\/\/archline.ch\/wp-content\/uploads\/2024\/10\/1ER-Residence-Jaman-1024x733.jpg\" alt=\"\" class=\"wp-image-1192\" srcset=\"https:\/\/archline.ch\/wp-content\/uploads\/2024\/10\/1ER-Residence-Jaman-1024x733.jpg 1024w, https:\/\/archline.ch\/wp-content\/uploads\/2024\/10\/1ER-Residence-Jaman-300x215.jpg 300w, https:\/\/archline.ch\/wp-content\/uploads\/2024\/10\/1ER-Residence-Jaman-768x549.jpg 768w, https:\/\/archline.ch\/wp-content\/uploads\/2024\/10\/1ER-Residence-Jaman-1536x1099.jpg 1536w, https:\/\/archline.ch\/wp-content\/uploads\/2024\/10\/1ER-Residence-Jaman-2048x1465.jpg 2048w, https:\/\/archline.ch\/wp-content\/uploads\/2024\/10\/1ER-Residence-Jaman-1200x858.jpg 1200w\" sizes=\"(max-width: 1024px) 100vw, 1024px\" \/><\/figure>\n\n\n\n<figure class=\"wp-block-image size-large\"><img loading=\"lazy\" decoding=\"async\" width=\"1024\" height=\"910\" src=\"https:\/\/archline.ch\/wp-content\/uploads\/2024\/10\/Toiture-Residence-Jaman-1024x910.jpg\" alt=\"\" class=\"wp-image-1204\" srcset=\"https:\/\/archline.ch\/wp-content\/uploads\/2024\/10\/Toiture-Residence-Jaman-1024x910.jpg 1024w, https:\/\/archline.ch\/wp-content\/uploads\/2024\/10\/Toiture-Residence-Jaman-300x266.jpg 300w, https:\/\/archline.ch\/wp-content\/uploads\/2024\/10\/Toiture-Residence-Jaman-768x682.jpg 768w, https:\/\/archline.ch\/wp-content\/uploads\/2024\/10\/Toiture-Residence-Jaman-1536x1364.jpg 1536w, https:\/\/archline.ch\/wp-content\/uploads\/2024\/10\/Toiture-Residence-Jaman-2048x1819.jpg 2048w, https:\/\/archline.ch\/wp-content\/uploads\/2024\/10\/Toiture-Residence-Jaman-1200x1066.jpg 1200w\" sizes=\"(max-width: 1024px) 100vw, 1024px\" \/><\/figure>\n","protected":false},"excerpt":{"rendered":"<p>Dessins pour le projet de r\u00e9novation des fa\u00e7ades de la R\u00e9sidence de Jaman \u00e0 Montreux.<\/p>\n","protected":false},"author":1,"featured_media":1184,"comment_status":"closed","ping_status":"closed","sticky":false,"template":"","format":"image","meta":{"footnotes":""},"categories":[2,4],"tags":[],"_links":{"self":[{"href":"https:\/\/archline.ch\/index.php\/wp-json\/wp\/v2\/posts\/1230"}],"collection":[{"href":"https:\/\/archline.ch\/index.php\/wp-json\/wp\/v2\/posts"}],"about":[{"href":"https:\/\/archline.ch\/index.php\/wp-json\/wp\/v2\/types\/post"}],"author":[{"embeddable":true,"href":"https:\/\/archline.ch\/index.php\/wp-json\/wp\/v2\/users\/1"}],"replies":[{"embeddable":true,"href":"https:\/\/archline.ch\/index.php\/wp-json\/wp\/v2\/comments?post=1230"}],"version-history":[{"count":4,"href":"https:\/\/archline.ch\/index.php\/wp-json\/wp\/v2\/posts\/1230\/revisions"}],"predecessor-version":[{"id":1322,"href":"https:\/\/archline.ch\/index.php\/wp-json\/wp\/v2\/posts\/1230\/revisions\/1322"}],"wp:featuredmedia":[{"embeddable":true,"href":"https:\/\/archline.ch\/index.php\/wp-json\/wp\/v2\/media\/1184"}],"wp:attachment":[{"href":"https:\/\/archline.ch\/index.php\/wp-json\/wp\/v2\/media?parent=1230"}],"wp:term":[{"taxonomy":"category","embeddable":true,"href":"https:\/\/archline.ch\/index.php\/wp-json\/wp\/v2\/categories?post=1230"},{"taxonomy":"post_tag","embeddable":true,"href":"https:\/\/archline.ch\/index.php\/wp-json\/wp\/v2\/tags?post=1230"}],"curies":[{"name":"wp","href":"https:\/\/api.w.org\/{rel}","templated":true}]}}