{"id":49,"date":"2018-06-08T21:13:36","date_gmt":"2018-06-08T21:13:36","guid":{"rendered":"https:\/\/archline.ch\/?p=49"},"modified":"2018-06-21T10:16:52","modified_gmt":"2018-06-21T10:16:52","slug":"49","status":"publish","type":"post","link":"https:\/\/archline.ch\/index.php\/2018\/06\/08\/49\/","title":{"rendered":"2. Le passage de Rive \u00e0 Gen\u00e8ve"},"content":{"rendered":"<p>Rive center adress Boulevard Helvetique 31bis 1207 Gen\u00e8ve.\u00a0Les r\u00e9sultats:\u00a0la r\u00e9novation du passage &#8211; l&rsquo;acces pietons et l&rsquo;installations de s\u00e9curit\u00e9 incendie, le d\u00e9montage de l&rsquo;ancien plafond, la r\u00e9novation de la zone pi\u00e9ton, le remplacement des parois, la mise en valeur de la fresque en haut des murs, du sol et la lumi\u00e8re sup\u00e9rieure.<\/p>\n<div id='gallery-1' class='gallery galleryid-49 gallery-columns-3 gallery-size-medium'><figure class='gallery-item'>\n\t\t\t<div class='gallery-icon landscape'>\n\t\t\t\t<a href='https:\/\/archline.ch\/index.php\/2018\/06\/08\/49\/passage-rive-centre-plan\/'><img loading=\"lazy\" decoding=\"async\" width=\"300\" height=\"183\" src=\"https:\/\/archline.ch\/wp-content\/uploads\/2018\/06\/Passage-Rive-Centre-plan-300x183.jpg\" class=\"attachment-medium size-medium\" alt=\"\" aria-describedby=\"gallery-1-536\" srcset=\"https:\/\/archline.ch\/wp-content\/uploads\/2018\/06\/Passage-Rive-Centre-plan-300x183.jpg 300w, https:\/\/archline.ch\/wp-content\/uploads\/2018\/06\/Passage-Rive-Centre-plan-768x467.jpg 768w, https:\/\/archline.ch\/wp-content\/uploads\/2018\/06\/Passage-Rive-Centre-plan.jpg 955w\" sizes=\"(max-width: 300px) 100vw, 300px\" \/><\/a>\n\t\t\t<\/div>\n\t\t\t\t<figcaption class='wp-caption-text gallery-caption' id='gallery-1-536'>\n\t\t\t\tR\u00e9novation, Rive Centre Gen\u00e8ve, le plan\n\t\t\t\t<\/figcaption><\/figure><figure class='gallery-item'>\n\t\t\t<div class='gallery-icon landscape'>\n\t\t\t\t<a href='https:\/\/archline.ch\/index.php\/2018\/06\/08\/49\/passage-rive-centre-coupe-e-e-d-d\/'><img loading=\"lazy\" decoding=\"async\" width=\"300\" height=\"182\" src=\"https:\/\/archline.ch\/wp-content\/uploads\/2018\/06\/Passage-Rive-Centre-coupe-E-E-D-D-300x182.jpg\" class=\"attachment-medium size-medium\" alt=\"\" aria-describedby=\"gallery-1-535\" srcset=\"https:\/\/archline.ch\/wp-content\/uploads\/2018\/06\/Passage-Rive-Centre-coupe-E-E-D-D-300x182.jpg 300w, https:\/\/archline.ch\/wp-content\/uploads\/2018\/06\/Passage-Rive-Centre-coupe-E-E-D-D-768x466.jpg 768w, https:\/\/archline.ch\/wp-content\/uploads\/2018\/06\/Passage-Rive-Centre-coupe-E-E-D-D.jpg 960w\" sizes=\"(max-width: 300px) 100vw, 300px\" \/><\/a>\n\t\t\t<\/div>\n\t\t\t\t<figcaption class='wp-caption-text gallery-caption' id='gallery-1-535'>\n\t\t\t\tRenovation, Centre Rive Gen\u00e8ve, les coupes \n\t\t\t\t<\/figcaption><\/figure><figure class='gallery-item'>\n\t\t\t<div class='gallery-icon portrait'>\n\t\t\t\t<a href='https:\/\/archline.ch\/index.php\/2018\/06\/08\/49\/capture-decran-2018-05-11-a-10-10-13\/'><img loading=\"lazy\" decoding=\"async\" width=\"211\" height=\"300\" src=\"https:\/\/archline.ch\/wp-content\/uploads\/2018\/06\/Capture-d\u2019\u00e9cran-2018-05-11-\u00e0-10.10.13-211x300.png\" class=\"attachment-medium size-medium\" alt=\"\" aria-describedby=\"gallery-1-220\" srcset=\"https:\/\/archline.ch\/wp-content\/uploads\/2018\/06\/Capture-d\u2019\u00e9cran-2018-05-11-\u00e0-10.10.13-211x300.png 211w, https:\/\/archline.ch\/wp-content\/uploads\/2018\/06\/Capture-d\u2019\u00e9cran-2018-05-11-\u00e0-10.10.13.png 398w\" sizes=\"(max-width: 211px) 100vw, 211px\" \/><\/a>\n\t\t\t<\/div>\n\t\t\t\t<figcaption class='wp-caption-text gallery-caption' id='gallery-1-220'>\n\t\t\t\tPassage de Rive apr\u00e8s la r\u00e9novation \n\t\t\t\t<\/figcaption><\/figure><figure class='gallery-item'>\n\t\t\t<div class='gallery-icon landscape'>\n\t\t\t\t<a href='https:\/\/archline.ch\/index.php\/2018\/06\/08\/49\/capture-decran-2018-05-11-a-10-09-44\/'><img loading=\"lazy\" decoding=\"async\" width=\"300\" height=\"201\" src=\"https:\/\/archline.ch\/wp-content\/uploads\/2018\/06\/Capture-d\u2019\u00e9cran-2018-05-11-\u00e0-10.09.44-300x201.png\" class=\"attachment-medium size-medium\" alt=\"\" aria-describedby=\"gallery-1-217\" srcset=\"https:\/\/archline.ch\/wp-content\/uploads\/2018\/06\/Capture-d\u2019\u00e9cran-2018-05-11-\u00e0-10.09.44-300x201.png 300w, https:\/\/archline.ch\/wp-content\/uploads\/2018\/06\/Capture-d\u2019\u00e9cran-2018-05-11-\u00e0-10.09.44-768x515.png 768w, https:\/\/archline.ch\/wp-content\/uploads\/2018\/06\/Capture-d\u2019\u00e9cran-2018-05-11-\u00e0-10.09.44.png 778w\" sizes=\"(max-width: 300px) 100vw, 300px\" \/><\/a>\n\t\t\t<\/div>\n\t\t\t\t<figcaption class='wp-caption-text gallery-caption' id='gallery-1-217'>\n\t\t\t\tPassage de Rive apr\u00e8s la r\u00e9novation\n\t\t\t\t<\/figcaption><\/figure><figure class='gallery-item'>\n\t\t\t<div class='gallery-icon landscape'>\n\t\t\t\t<a href='https:\/\/archline.ch\/index.php\/2018\/06\/08\/49\/capture-decran-2018-05-11-a-10-09-53\/'><img loading=\"lazy\" decoding=\"async\" width=\"300\" height=\"200\" src=\"https:\/\/archline.ch\/wp-content\/uploads\/2018\/06\/Capture-d\u2019\u00e9cran-2018-05-11-\u00e0-10.09.53-300x200.png\" class=\"attachment-medium size-medium\" alt=\"\" aria-describedby=\"gallery-1-218\" srcset=\"https:\/\/archline.ch\/wp-content\/uploads\/2018\/06\/Capture-d\u2019\u00e9cran-2018-05-11-\u00e0-10.09.53-300x200.png 300w, https:\/\/archline.ch\/wp-content\/uploads\/2018\/06\/Capture-d\u2019\u00e9cran-2018-05-11-\u00e0-10.09.53-768x511.png 768w, https:\/\/archline.ch\/wp-content\/uploads\/2018\/06\/Capture-d\u2019\u00e9cran-2018-05-11-\u00e0-10.09.53.png 784w\" sizes=\"(max-width: 300px) 100vw, 300px\" \/><\/a>\n\t\t\t<\/div>\n\t\t\t\t<figcaption class='wp-caption-text gallery-caption' id='gallery-1-218'>\n\t\t\t\tPassage de Rive apr\u00e8s la r\u00e9novation\n\t\t\t\t<\/figcaption><\/figure><figure class='gallery-item'>\n\t\t\t<div class='gallery-icon landscape'>\n\t\t\t\t<a href='https:\/\/archline.ch\/index.php\/2018\/06\/08\/49\/capture-decran-2018-05-11-a-10-10-04\/'><img loading=\"lazy\" decoding=\"async\" width=\"300\" height=\"205\" src=\"https:\/\/archline.ch\/wp-content\/uploads\/2018\/06\/Capture-d\u2019\u00e9cran-2018-05-11-\u00e0-10.10.04-300x205.png\" class=\"attachment-medium size-medium\" alt=\"\" aria-describedby=\"gallery-1-219\" srcset=\"https:\/\/archline.ch\/wp-content\/uploads\/2018\/06\/Capture-d\u2019\u00e9cran-2018-05-11-\u00e0-10.10.04-300x205.png 300w, https:\/\/archline.ch\/wp-content\/uploads\/2018\/06\/Capture-d\u2019\u00e9cran-2018-05-11-\u00e0-10.10.04-768x524.png 768w, https:\/\/archline.ch\/wp-content\/uploads\/2018\/06\/Capture-d\u2019\u00e9cran-2018-05-11-\u00e0-10.10.04.png 830w\" sizes=\"(max-width: 300px) 100vw, 300px\" \/><\/a>\n\t\t\t<\/div>\n\t\t\t\t<figcaption class='wp-caption-text gallery-caption' id='gallery-1-219'>\n\t\t\t\tPassage de Rive apr\u00e8s la r\u00e9novation\n\t\t\t\t<\/figcaption><\/figure>\n\t\t<\/div>\n\n<p>&nbsp;<\/p>\n","protected":false},"excerpt":{"rendered":"<p>Rive center adress Boulevard Helvetique 31bis 1207 Gen\u00e8ve.\u00a0Les r\u00e9sultats:\u00a0la r\u00e9novation du passage &#8211; l&rsquo;acces pietons et l&rsquo;installations de s\u00e9curit\u00e9 incendie, le d\u00e9montage de l&rsquo;ancien plafond, la r\u00e9novation de la zone pi\u00e9ton, le remplacement des parois, la mise en valeur de la fresque en haut des murs, du sol et la&hellip;<\/p>\n<p class=\"more-link-wrapper\"><a class=\"more-link\" href=\"https:\/\/archline.ch\/index.php\/2018\/06\/08\/49\/\"><span class=\"fa fa-mail-forward read-more-icon\"><\/span><span class=\"screen-reader-text\">Read More<\/span><\/a><\/p>\n","protected":false},"author":1,"featured_media":108,"comment_status":"closed","ping_status":"closed","sticky":false,"template":"","format":"image","meta":{"footnotes":""},"categories":[4],"tags":[],"_links":{"self":[{"href":"https:\/\/archline.ch\/index.php\/wp-json\/wp\/v2\/posts\/49"}],"collection":[{"href":"https:\/\/archline.ch\/index.php\/wp-json\/wp\/v2\/posts"}],"about":[{"href":"https:\/\/archline.ch\/index.php\/wp-json\/wp\/v2\/types\/post"}],"author":[{"embeddable":true,"href":"https:\/\/archline.ch\/index.php\/wp-json\/wp\/v2\/users\/1"}],"replies":[{"embeddable":true,"href":"https:\/\/archline.ch\/index.php\/wp-json\/wp\/v2\/comments?post=49"}],"version-history":[{"count":13,"href":"https:\/\/archline.ch\/index.php\/wp-json\/wp\/v2\/posts\/49\/revisions"}],"predecessor-version":[{"id":740,"href":"https:\/\/archline.ch\/index.php\/wp-json\/wp\/v2\/posts\/49\/revisions\/740"}],"wp:featuredmedia":[{"embeddable":true,"href":"https:\/\/archline.ch\/index.php\/wp-json\/wp\/v2\/media\/108"}],"wp:attachment":[{"href":"https:\/\/archline.ch\/index.php\/wp-json\/wp\/v2\/media?parent=49"}],"wp:term":[{"taxonomy":"category","embeddable":true,"href":"https:\/\/archline.ch\/index.php\/wp-json\/wp\/v2\/categories?post=49"},{"taxonomy":"post_tag","embeddable":true,"href":"https:\/\/archline.ch\/index.php\/wp-json\/wp\/v2\/tags?post=49"}],"curies":[{"name":"wp","href":"https:\/\/api.w.org\/{rel}","templated":true}]}}