{"id":962,"date":"2020-10-28T07:24:11","date_gmt":"2020-10-28T07:24:11","guid":{"rendered":"https:\/\/archline.ch\/?p=962"},"modified":"2020-10-28T11:56:24","modified_gmt":"2020-10-28T11:56:24","slug":"10-la-construction-de-deux-salles-de-sport-et-lextension-du-college-des-parcs-a-neuchatel-concours-de-projets-darchitecture","status":"publish","type":"post","link":"https:\/\/archline.ch\/index.php\/2020\/10\/28\/10-la-construction-de-deux-salles-de-sport-et-lextension-du-college-des-parcs-a-neuchatel-concours-de-projets-darchitecture\/","title":{"rendered":"La construction de deux salles de sport et l&rsquo;extension du Coll\u00e8ge des Parcs \u00e0 Neuch\u00e2tel (concours de projets d&rsquo;architecture)"},"content":{"rendered":"<div id='gallery-1' class='gallery galleryid-962 gallery-columns-1 gallery-size-large'><figure class='gallery-item'>\n\t\t\t<div class='gallery-icon landscape'>\n\t\t\t\t<a href='https:\/\/archline.ch\/index.php\/2020\/10\/28\/10-la-construction-de-deux-salles-de-sport-et-lextension-du-college-des-parcs-a-neuchatel-concours-de-projets-darchitecture\/4-n\/'><img loading=\"lazy\" decoding=\"async\" width=\"1024\" height=\"723\" src=\"https:\/\/archline.ch\/wp-content\/uploads\/2020\/10\/4.N-1024x723.jpg\" class=\"attachment-large size-large\" alt=\"\" aria-describedby=\"gallery-1-976\" srcset=\"https:\/\/archline.ch\/wp-content\/uploads\/2020\/10\/4.N-1024x723.jpg 1024w, https:\/\/archline.ch\/wp-content\/uploads\/2020\/10\/4.N-300x212.jpg 300w, https:\/\/archline.ch\/wp-content\/uploads\/2020\/10\/4.N-768x542.jpg 768w, https:\/\/archline.ch\/wp-content\/uploads\/2020\/10\/4.N-1200x847.jpg 1200w\" sizes=\"(max-width: 1024px) 100vw, 1024px\" \/><\/a>\n\t\t\t<\/div>\n\t\t\t\t<figcaption class='wp-caption-text gallery-caption' id='gallery-1-976'>\n\t\t\t\t4.N\n\t\t\t\t<\/figcaption><\/figure><figure class='gallery-item'>\n\t\t\t<div class='gallery-icon landscape'>\n\t\t\t\t<a href='https:\/\/archline.ch\/index.php\/2020\/10\/28\/10-la-construction-de-deux-salles-de-sport-et-lextension-du-college-des-parcs-a-neuchatel-concours-de-projets-darchitecture\/1-n\/'><img loading=\"lazy\" decoding=\"async\" width=\"1024\" height=\"723\" src=\"https:\/\/archline.ch\/wp-content\/uploads\/2020\/10\/1.N-1024x723.jpg\" class=\"attachment-large size-large\" alt=\"\" aria-describedby=\"gallery-1-967\" srcset=\"https:\/\/archline.ch\/wp-content\/uploads\/2020\/10\/1.N-1024x723.jpg 1024w, https:\/\/archline.ch\/wp-content\/uploads\/2020\/10\/1.N-300x212.jpg 300w, https:\/\/archline.ch\/wp-content\/uploads\/2020\/10\/1.N-768x542.jpg 768w, https:\/\/archline.ch\/wp-content\/uploads\/2020\/10\/1.N-1200x847.jpg 1200w\" sizes=\"(max-width: 1024px) 100vw, 1024px\" \/><\/a>\n\t\t\t<\/div>\n\t\t\t\t<figcaption class='wp-caption-text gallery-caption' id='gallery-1-967'>\n\t\t\t\t1.N\n\t\t\t\t<\/figcaption><\/figure><figure class='gallery-item'>\n\t\t\t<div class='gallery-icon landscape'>\n\t\t\t\t<a href='https:\/\/archline.ch\/index.php\/2020\/10\/28\/10-la-construction-de-deux-salles-de-sport-et-lextension-du-college-des-parcs-a-neuchatel-concours-de-projets-darchitecture\/5-n\/'><img loading=\"lazy\" decoding=\"async\" width=\"1024\" height=\"723\" src=\"https:\/\/archline.ch\/wp-content\/uploads\/2020\/10\/5.N-1024x723.jpg\" class=\"attachment-large size-large\" alt=\"\" aria-describedby=\"gallery-1-965\" srcset=\"https:\/\/archline.ch\/wp-content\/uploads\/2020\/10\/5.N-1024x723.jpg 1024w, https:\/\/archline.ch\/wp-content\/uploads\/2020\/10\/5.N-300x212.jpg 300w, https:\/\/archline.ch\/wp-content\/uploads\/2020\/10\/5.N-768x542.jpg 768w, https:\/\/archline.ch\/wp-content\/uploads\/2020\/10\/5.N-1200x847.jpg 1200w\" sizes=\"(max-width: 1024px) 100vw, 1024px\" \/><\/a>\n\t\t\t<\/div>\n\t\t\t\t<figcaption class='wp-caption-text gallery-caption' id='gallery-1-965'>\n\t\t\t\t5.N\n\t\t\t\t<\/figcaption><\/figure><figure class='gallery-item'>\n\t\t\t<div class='gallery-icon landscape'>\n\t\t\t\t<a href='https:\/\/archline.ch\/index.php\/2020\/10\/28\/10-la-construction-de-deux-salles-de-sport-et-lextension-du-college-des-parcs-a-neuchatel-concours-de-projets-darchitecture\/3-n\/'><img loading=\"lazy\" decoding=\"async\" width=\"1024\" height=\"723\" src=\"https:\/\/archline.ch\/wp-content\/uploads\/2020\/10\/3.N-1024x723.jpg\" class=\"attachment-large size-large\" alt=\"\" aria-describedby=\"gallery-1-964\" srcset=\"https:\/\/archline.ch\/wp-content\/uploads\/2020\/10\/3.N-1024x723.jpg 1024w, https:\/\/archline.ch\/wp-content\/uploads\/2020\/10\/3.N-300x212.jpg 300w, https:\/\/archline.ch\/wp-content\/uploads\/2020\/10\/3.N-768x542.jpg 768w, https:\/\/archline.ch\/wp-content\/uploads\/2020\/10\/3.N-1200x847.jpg 1200w\" sizes=\"(max-width: 1024px) 100vw, 1024px\" \/><\/a>\n\t\t\t<\/div>\n\t\t\t\t<figcaption class='wp-caption-text gallery-caption' id='gallery-1-964'>\n\t\t\t\t3.N\n\t\t\t\t<\/figcaption><\/figure>\n\t\t<\/div>\n\n","protected":false},"excerpt":{"rendered":"","protected":false},"author":1,"featured_media":976,"comment_status":"closed","ping_status":"closed","sticky":false,"template":"","format":"image","meta":{"footnotes":""},"categories":[4],"tags":[],"_links":{"self":[{"href":"https:\/\/archline.ch\/index.php\/wp-json\/wp\/v2\/posts\/962"}],"collection":[{"href":"https:\/\/archline.ch\/index.php\/wp-json\/wp\/v2\/posts"}],"about":[{"href":"https:\/\/archline.ch\/index.php\/wp-json\/wp\/v2\/types\/post"}],"author":[{"embeddable":true,"href":"https:\/\/archline.ch\/index.php\/wp-json\/wp\/v2\/users\/1"}],"replies":[{"embeddable":true,"href":"https:\/\/archline.ch\/index.php\/wp-json\/wp\/v2\/comments?post=962"}],"version-history":[{"count":10,"href":"https:\/\/archline.ch\/index.php\/wp-json\/wp\/v2\/posts\/962\/revisions"}],"predecessor-version":[{"id":978,"href":"https:\/\/archline.ch\/index.php\/wp-json\/wp\/v2\/posts\/962\/revisions\/978"}],"wp:featuredmedia":[{"embeddable":true,"href":"https:\/\/archline.ch\/index.php\/wp-json\/wp\/v2\/media\/976"}],"wp:attachment":[{"href":"https:\/\/archline.ch\/index.php\/wp-json\/wp\/v2\/media?parent=962"}],"wp:term":[{"taxonomy":"category","embeddable":true,"href":"https:\/\/archline.ch\/index.php\/wp-json\/wp\/v2\/categories?post=962"},{"taxonomy":"post_tag","embeddable":true,"href":"https:\/\/archline.ch\/index.php\/wp-json\/wp\/v2\/tags?post=962"}],"curies":[{"name":"wp","href":"https:\/\/api.w.org\/{rel}","templated":true}]}}